{"id":1,"date":"2015-07-28T04:08:11","date_gmt":"2015-07-28T04:08:11","guid":{"rendered":"http:\/\/generacionlibre.com\/?p=1"},"modified":"2015-08-13T19:08:52","modified_gmt":"2015-08-13T19:08:52","slug":"porque-ya-nuestros-hijos-no-seran-nuestros-hijos","status":"publish","type":"post","link":"http:\/\/generacionlibre.com\/index.php\/2015\/07\/28\/porque-ya-nuestros-hijos-no-seran-nuestros-hijos\/","title":{"rendered":"PORQUE YA NUESTROS HIJOS NO SERAN NUESTROS HIJOS"},"content":{"rendered":"<figure id=\"attachment_6\" aria-describedby=\"caption-attachment-6\" style=\"width: 225px\" class=\"wp-caption alignleft\"><a href=\"http:\/\/generacionlibre.com\/wp-content\/uploads\/2015\/07\/baby-boom-1240639-639x852.jpg\"><img loading=\"lazy\" decoding=\"async\" class=\"wp-image-6 size-medium\" src=\"http:\/\/generacionlibre.com\/wp-content\/uploads\/2015\/07\/baby-boom-1240639-639x852-225x300.jpg\" alt=\"\" width=\"225\" height=\"300\" srcset=\"http:\/\/generacionlibre.com\/wp-content\/uploads\/2015\/07\/baby-boom-1240639-639x852-225x300.jpg 225w, http:\/\/generacionlibre.com\/wp-content\/uploads\/2015\/07\/baby-boom-1240639-639x852.jpg 639w\" sizes=\"auto, (max-width: 225px) 100vw, 225px\" \/><\/a><figcaption id=\"caption-attachment-6\" class=\"wp-caption-text\">Foto: FreeImages.com\/Alfonso Romero<\/figcaption><\/figure>\n<p><strong>10 RAZONES PARA CONTROLAR EL USO DE LA TECNOLOGIA EN LOS NI\u00d1OS.<\/strong><\/p>\n<p>En un reportaje presentado por Vilma Medina, Directora de guiainfantil.com, nos explica de manera especifica porque debemos controlar el uso de tecnologias como los smartphones y tabletas en bebes y ni\u00f1os menores de 12 a\u00f1os y el impacto que esto puede tener en el desarrollo tanto social como emocional en las futuras generaciones.<\/p>\n<p>El acceso de los ni\u00f1os a las nuevas tecnologias parece ir a velocidades inimaginables y no tener freno. La forma de distracciones antes era de los ni\u00f1os demasiadas horas frente a la television, y hoy en dia hay un gran desinteres de los padres en tener contacto con sus hijos y han sustituido ese contacto por los telefonos inteligentes y tabletas y son ahora las nuevas ni\u00f1eras y cuidadores de los ni\u00f1os desde muy temprana edad.<\/p>\n<p>Segun la Academia Americana de Pediatria y la Sociedad Canadiense de Pedriatria han determinado 10 razones por las que los ni\u00f1os menores de 12 a\u00f1os no deberian usar estos equipos sin control.<\/p>\n<p>&nbsp;<\/p>\n<p>&nbsp;<\/p>\n<p>&nbsp;<\/p>\n<p style=\"text-align: left;\"><span style=\"color: #333333;\"><strong>Estas son las 10 razones por la que debemos poner mucha atencion y controlar el uso de estas nuevas\u00a0tecnolog\u00edas\u00a0a temprana edad:<\/strong><\/span><\/p>\n<p><strong>1-<\/strong>\u00a0<strong>Desarrollo cerebral de los ni\u00f1os<\/strong><\/p>\n<p>Un desarrollo cerebral causado por la exposici\u00f3n excesiva a las tecnolog\u00edas, puede acelerar el crecimiento del cerebro de los bebes\u00a0entre 0 y 2 a\u00f1os de edad, y asociarse con la funci\u00f3n ejecutiva y d\u00e9ficit de atenci\u00f3n, retrasos cognitivos, problemas de aprendizaje, aumento de la impulsividad y de la falta de autocontrol (rabietas).<\/p>\n<p><strong>2-\u00a0Retraso en el desarrollo del ni\u00f1o<\/strong><br \/>\nEl excesivo uso de las tecnolog\u00edas puede limitar el movimiento, y consecuentemente el rendimiento acad\u00e9mico, la alfabetizaci\u00f3n, la atenci\u00f3n y capacidades.<\/p>\n<p><strong>3-<\/strong>\u00a0<strong>Obesidad Infantil<\/strong><br \/>\nEl sedentarismo que implica el uso de las tecnolog\u00edas es un problema que est\u00e1 aumentando entre los ni\u00f1os. Obesidad\u00a0lleva a problemas de salud como la diabetes, vasculares y card\u00edacos.<\/p>\n<p><strong>4-\u00a0Alteraciones del sue\u00f1o infantil<\/strong><br \/>\nLos estudios revelan que la mayor\u00eda de los padres no supervisan el uso de la tecnolog\u00eda a sus hijos, en sus habitaciones, con lo que se observa que los ni\u00f1os tienen m\u00e1s dificultades para conciliar el sue\u00f1o. La falta de sue\u00f1o afectar\u00e1 negativamente a su rendimiento acad\u00e9mico.<\/p>\n<p><strong>5-<\/strong>\u00a0<strong>Enfermedad mental<\/strong><br \/>\nAlgunos estudios comprueban que el uso excesivo de las nuevas tecnolog\u00edas est\u00e1 aumentando las tasas de depresi\u00f3n y ansiedad infantil, trastornos de vinculaci\u00f3n, deficit de atencion, trastorno bipolar, psicosis y otros problemas de conducta infantil.<\/p>\n<p><strong>6-\u00a0Conductas agresivas en la infancia<\/strong><br \/>\nLa exposici\u00f3n de los ni\u00f1os a contenidos violentos y agresivos, puede alterar su conducta. Los ni\u00f1os imitan todo y a todos. As\u00ed que hay que vigilar el uso y la navegaci\u00f3n de los ni\u00f1o en m\u00f3viles o tabletas.<\/p>\n<p><strong>7-\u00a0Falta o d\u00e9ficit de atenci\u00f3n<\/strong><br \/>\nEl uso excesivo de las nuevas tecnolog\u00edas puede contribuir a d\u00e9ficit de atenci\u00f3n, disminuir la concentraci\u00f3n y la memoria de los ni\u00f1os, gracias a la gran velocidad de sus contenidos.<\/p>\n<p><strong>8-<\/strong>\u00a0<strong>Adicci\u00f3n infantil<\/strong><br \/>\nLos estudios demuestran que uno de cada 11 ni\u00f1os de 8 a 18 a\u00f1os son adictos a las nuevas tecnolog\u00edas. Cada vez que los ni\u00f1os usan dispositivos m\u00f3viles, se separan de su entorno, de amigos y familiares.<\/p>\n<p><strong>9-<\/strong>\u00a0<strong>Demasiada radiaci\u00f3n<\/strong><br \/>\nLa\u00a0<strong>OMS<\/strong>,\u00a0<strong>Organizaci\u00f3n Mundial de la Salud<\/strong>\u00a0clasifica los tel\u00e9fonos celulares como un riesgo debido a la emisi\u00f3n de radiaci\u00f3n. Los ni\u00f1os son m\u00e1s sensibles a estos agentes y existe el riesgo de contraer enfermedades como cancer.<\/p>\n<p><strong>10-<\/strong>\u00a0<strong>Sobreexposici\u00f3n<\/strong><br \/>\nLa constante y sobreexposici\u00f3n de los ni\u00f1os a la tecnolog\u00eda les hacen vulnerables, explotables y expuestos a los abusos.<\/p>\n<p>&nbsp;<\/p>\n<p>Fuente: Vilma Medina<\/p>\n<p>http:\/\/www.guiainfantil.com\/articulos\/educacion\/nuevas-tecnologias\/10-motivos-para-prohibir-los-smartphone-a-ninos-menores-de-12-anos\/<\/p>\n<p>&nbsp;<\/p>\n<p>&nbsp;<\/p>\n<p>&nbsp;<\/p>\n<p>&nbsp;<\/p>\n","protected":false},"excerpt":{"rendered":"<p>10 RAZONES PARA CONTROLAR EL USO DE LA TECNOLOGIA EN LOS NI\u00d1OS. En un reportaje presentado por Vilma Medina, Directora de guiainfantil.com, nos explica de manera especifica porque debemos controlar el uso de tecnologias como los smartphones y tabletas en bebes y ni\u00f1os menores de 12 a\u00f1os y el impacto que esto puede tener en el desarrollo tanto social como emocional en las futuras generaciones. El acceso de los ni\u00f1os&#8230;<\/p>\n","protected":false},"author":3,"featured_media":6,"comment_status":"closed","ping_status":"closed","sticky":false,"template":"","format":"standard","meta":{"footnotes":""},"categories":[9],"tags":[],"class_list":["post-1","post","type-post","status-publish","format-standard","has-post-thumbnail","hentry","category-tecnologia"],"_links":{"self":[{"href":"http:\/\/generacionlibre.com\/index.php\/wp-json\/wp\/v2\/posts\/1","targetHints":{"allow":["GET"]}}],"collection":[{"href":"http:\/\/generacionlibre.com\/index.php\/wp-json\/wp\/v2\/posts"}],"about":[{"href":"http:\/\/generacionlibre.com\/index.php\/wp-json\/wp\/v2\/types\/post"}],"author":[{"embeddable":true,"href":"http:\/\/generacionlibre.com\/index.php\/wp-json\/wp\/v2\/users\/3"}],"replies":[{"embeddable":true,"href":"http:\/\/generacionlibre.com\/index.php\/wp-json\/wp\/v2\/comments?post=1"}],"version-history":[{"count":14,"href":"http:\/\/generacionlibre.com\/index.php\/wp-json\/wp\/v2\/posts\/1\/revisions"}],"predecessor-version":[{"id":102,"href":"http:\/\/generacionlibre.com\/index.php\/wp-json\/wp\/v2\/posts\/1\/revisions\/102"}],"wp:featuredmedia":[{"embeddable":true,"href":"http:\/\/generacionlibre.com\/index.php\/wp-json\/wp\/v2\/media\/6"}],"wp:attachment":[{"href":"http:\/\/generacionlibre.com\/index.php\/wp-json\/wp\/v2\/media?parent=1"}],"wp:term":[{"taxonomy":"category","embeddable":true,"href":"http:\/\/generacionlibre.com\/index.php\/wp-json\/wp\/v2\/categories?post=1"},{"taxonomy":"post_tag","embeddable":true,"href":"http:\/\/generacionlibre.com\/index.php\/wp-json\/wp\/v2\/tags?post=1"}],"curies":[{"name":"wp","href":"https:\/\/api.w.org\/{rel}","templated":true}]}}